{"id":2068,"date":"2024-06-05T09:05:58","date_gmt":"2024-06-05T07:05:58","guid":{"rendered":"https:\/\/linaristudio.hu\/?p=2068"},"modified":"2024-06-05T09:07:45","modified_gmt":"2024-06-05T07:07:45","slug":"kis-lakas-lakberendezese","status":"publish","type":"post","link":"https:\/\/linaristudio.hu\/en\/kis-lakas-lakberendezese\/","title":{"rendered":"Kis lak\u00e1s lakberendez\u00e9se"},"content":{"rendered":"<h2 class=\"wp-block-heading\">Bevezet\u00e9s<\/h2>\n\n\n\n<p>A kis lak\u00e1sok lakberendez\u00e9se kih\u00edv\u00e1st jelenthet, hiszen a hely korl\u00e1tozott, \u00e9s fontos, hogy minden funkci\u00f3 \u00e9s t\u00e1rgy harmonikusan illeszkedjen egym\u00e1shoz. Az al\u00e1bbiakban n\u00e9h\u00e1ny tipp tal\u00e1lhat\u00f3, amelyek seg\u00edthetnek a kis lak\u00e1sok praktikus \u00e9s st\u00edlusos berendez\u00e9s\u00e9ben.<\/p>\n\n\n\n<ol class=\"wp-block-list\">\n<li>Haszn\u00e1ljon vil\u00e1gos sz\u00edneket: A vil\u00e1gos sz\u00ednek, p\u00e9ld\u00e1ul a feh\u00e9r, a kr\u00e9m vagy a pasztell \u00e1rnyalatai optikailag nagyobb\u00e1 teszik a teret, \u00e9s t\u00f6bb f\u00e9nyt engednek be.<\/li>\n\n\n\n<li>Tartsa rendezetten a t\u00e1rgyakat: A rendszeres takar\u00edt\u00e1s \u00e9s a t\u00e1rgyak rendszerez\u00e9se seg\u00edt abban, hogy a kis lak\u00e1s t\u00e1gasabbnak t\u0171nj\u00f6n. Haszn\u00e1ljon t\u00e1rol\u00f3kat, dobozokat vagy polcokat a rendszerez\u00e9shez.<\/li>\n\n\n\n<li>Haszn\u00e1ljon t\u00fckr\u00f6ket: A t\u00fckr\u00f6k optikailag nagyobb\u00e1 teszik a teret, \u00e9s t\u00f6bb f\u00e9nyt vernek vissza. Helyezzen el t\u00fckr\u00f6ket a falakon vagy a b\u00fatorokon, hogy n\u00f6velje a t\u00e9r\u00e9rzetet.<\/li>\n\n\n\n<li>V\u00e1lasszon multifunkcion\u00e1lis b\u00fatorokat: A kis lak\u00e1sokban \u00e9rdemes olyan b\u00fatorokat v\u00e1lasztani, amelyek t\u00f6bb funkci\u00f3t is ell\u00e1tnak. P\u00e9ld\u00e1ul egy kanap\u00e9\u00e1gy vagy egy \u00e1gy alatti t\u00e1rol\u00f3k seg\u00edthetnek a helykihaszn\u00e1l\u00e1sban.<\/li>\n\n\n\n<li>Haszn\u00e1ljon optikai tr\u00fckk\u00f6ket: A f\u00fcgg\u00f6ny\u00f6k magasabbnak t\u0171nnek, ha a mennyezett\u0151l a padl\u00f3ig \u00e9rnek. A f\u00fcgg\u00f6ny\u00f6k \u00e9s a falak k\u00f6z\u00f6tti sz\u00ednk\u00fcl\u00f6nbs\u00e9g is seg\u00edthet a t\u00e9r\u00e9rzet n\u00f6vel\u00e9s\u00e9ben.<\/li>\n\n\n\n<li>Minimaliz\u00e1ljon: A kis lak\u00e1sokban fontos, hogy csak a legsz\u00fcks\u00e9gesebb t\u00e1rgyakat tartsuk meg. A minimalista st\u00edlus seg\u00edt a rend \u00e9s a t\u00e1gasabb t\u00e9r megteremt\u00e9s\u00e9ben.<\/li>\n\n\n\n<li>Haszn\u00e1ljon optikai ill\u00fazi\u00f3kat: A f\u00fcgg\u0151leges cs\u00edkok, a nagy mint\u00e1k vagy a vertik\u00e1lis vonalak optikailag magasabb\u00e1 teszik a teret.<\/li>\n<\/ol>\n\n\n\n<p>Ezek a tippek seg\u00edthetnek a kis lak\u00e1sok praktikus \u00e9s st\u00edlusos berendez\u00e9s\u00e9ben. Fontos, hogy a saj\u00e1t \u00edzl\u00e9s\u00e9nek \u00e9s ig\u00e9nyeinek megfelel\u0151en alak\u00edtsa ki a lak\u00e1st, \u00e9s kihaszn\u00e1lja a rendelkez\u00e9sre \u00e1ll\u00f3 teret.<\/p>\n\n\n\n<h1 class=\"wp-block-heading\">Kis lak\u00e1sokban alkalmazhat\u00f3 praktikus t\u00e1rol\u00e1si megold\u00e1sok<\/h1>\n\n\n\n<p>A kis lak\u00e1sokban val\u00f3 lakberendez\u00e9s mindig kih\u00edv\u00e1st jelenthet, hiszen a hely korl\u00e1tozott, \u00e9s minden t\u00e1rgynak meg kell tal\u00e1lnia a hely\u00e9t. Azonban ne cs\u00fcggedj\u00fcnk, hiszen sz\u00e1mos praktikus t\u00e1rol\u00e1si megold\u00e1s l\u00e9tezik, amelyek seg\u00edts\u00e9g\u00e9vel kihaszn\u00e1lhatjuk a rendelkez\u00e9sre \u00e1ll\u00f3 teret, \u00e9s rendezett \u00e9s t\u00e1gas k\u00f6rnyezetet teremthet\u00fcnk magunknak<a href=\"https:\/\/linaristudio.hu\/en\/lakberendezo-arak\/\" title=\"\"> lakberendez\u0151 \u00e1rak<\/a>.<\/p>\n\n\n\n<p>Kezdj\u00fck azzal, hogy kihaszn\u00e1ljuk a falakat. A polcok \u00e9s a fali polcok t\u00f6k\u00e9letesek a t\u00e1rgyak t\u00e1rol\u00e1s\u00e1ra, an\u00e9lk\u00fcl, hogy sok helyet foglaln\u00e1nak el a padl\u00f3n vagy a szekr\u00e9nyekben. Haszn\u00e1ljunk ki minden \u00fcres falter\u00fcletet, \u00e9s helyezz\u00fcnk el rajtuk k\u00f6nyveket, d\u00edszt\u00e1rgyakat vagy ak\u00e1r n\u00f6v\u00e9nyeket. Ez nem csak praktikus, hanem dekorat\u00edv is lehet, \u00e9s szem\u00e9lyis\u00e9g\u00fcnket is t\u00fckr\u00f6zheti.<\/p>\n\n\n\n<p>Ha a ruh\u00e1inknak nincs el\u00e9g hely a szekr\u00e9nyben, akkor \u00e9rdemes gondolkodni a ruhafogasokban. Ezek a fogasok a falra szerelhet\u0151k, \u00e9s t\u00f6bb ruh\u00e1t is k\u00e9pesek t\u00e1rolni, an\u00e9lk\u00fcl, hogy sok helyet foglaln\u00e1nak el. Haszn\u00e1ljunk ki minden \u00fcres falter\u00fcletet a ruh\u00e1k felakaszt\u00e1s\u00e1ra, \u00e9s rendezett \u00e9s \u00e1tl\u00e1that\u00f3 gardr\u00f3bot hozhatunk l\u00e9tre.<\/p>\n\n\n\n<p>A kis lak\u00e1sokban gyakran probl\u00e9m\u00e1t jelenthet a cip\u0151k t\u00e1rol\u00e1sa. Azonban ne agg\u00f3djunk, hiszen erre is van megold\u00e1s. Haszn\u00e1ljunk ki minden \u00fcres helyet a cip\u0151k t\u00e1rol\u00e1s\u00e1ra, p\u00e9ld\u00e1ul az ajt\u00f3 m\u00f6g\u00f6tti teret vagy a falat. V\u00e1s\u00e1roljunk cip\u0151tart\u00f3kat vagy cip\u0151tart\u00f3kat, amelyek t\u00f6bb cip\u0151t k\u00e9pesek t\u00e1rolni, \u00e9s k\u00f6nnyen hozz\u00e1f\u00e9rhet\u0151ek.<\/p>\n\n\n\n<p>A konyh\u00e1ban is sz\u00e1mos praktikus t\u00e1rol\u00e1si megold\u00e1s l\u00e9tezik. Haszn\u00e1ljuk ki a falat a f\u0171szerek, ed\u00e9nyek \u00e9s egy\u00e9b konyhai eszk\u00f6z\u00f6k t\u00e1rol\u00e1s\u00e1ra. A fali polcok \u00e9s a fali akaszt\u00f3k t\u00f6k\u00e9letesek ehhez a c\u00e9lhoz. Rendezz\u00fck el a konyhai eszk\u00f6z\u00f6ket \u00fagy, hogy k\u00f6nnyen hozz\u00e1f\u00e9rhet\u0151ek legyenek, \u00e9s ne foglaljanak sok helyet a munkalapon vagy a szekr\u00e9nyekben.<\/p>\n\n\n\n<p>A f\u00fcrd\u0151szob\u00e1ban is sz\u00fcks\u00e9g van t\u00e1rol\u00f3 megold\u00e1sokra. Haszn\u00e1ljuk ki a falat a t\u00f6r\u00f6lk\u00f6z\u0151k, piperecikkek \u00e9s egy\u00e9b f\u00fcrd\u0151szobai kell\u00e9kek t\u00e1rol\u00e1s\u00e1ra. A fali polcok \u00e9s a fali akaszt\u00f3k itt is nagyon hasznosak lehetnek. Rendezz\u00fck el a f\u00fcrd\u0151szobai kell\u00e9keket \u00fagy, hogy k\u00f6nnyen hozz\u00e1f\u00e9rhet\u0151ek legyenek, \u00e9s ne foglaljanak sok helyet a mosd\u00f3kagyl\u00f3n vagy a szekr\u00e9nyekben.<\/p>\n\n\n\n<p>V\u00e9g\u00fcl, de nem utols\u00f3sorban, ne feledkezz\u00fcnk meg az \u00e1gy alatti t\u00e1rol\u00e1sr\u00f3l. Az \u00e1gy alatti hely gyakran kihaszn\u00e1latlan marad, pedig t\u00f6k\u00e9letes lehet\u0151s\u00e9get ny\u00fajt a t\u00e1rgyak t\u00e1rol\u00e1s\u00e1ra. Haszn\u00e1ljunk ki \u00e1gy alatti t\u00e1rol\u00f3kat vagy \u00e1gy alatti dobozokat, amelyekben ruh\u00e1kat, \u00e1gynem\u0171ket vagy m\u00e1s t\u00e1rgyakat t\u00e1rolhatunk. Ez a megold\u00e1s nem csak praktikus, de seg\u00edt abban is, hogy rendezett \u00e9s tiszta k\u00f6rnyezetet teremts\u00fcnk a h\u00e1l\u00f3szob\u00e1ban.<\/p>\n\n\n\n<p>Ahogy l\u00e1thatjuk, a kis lak\u00e1sokban is sz\u00e1mos praktikus t\u00e1rol\u00e1si megold\u00e1s l\u00e9tezik. Haszn\u00e1ljuk ki a falakat, a fali polcokat \u00e9s a fali akaszt\u00f3kat, \u00e9s ne feledkezz\u00fcnk meg az \u00e1gy alatti t\u00e1rol\u00e1sr\u00f3l sem. \u00cdgy rendezett \u00e9s t\u00e1gas k\u00f6rnyezetet teremthet\u00fcnk magunknak, \u00e9s inspir\u00e1l\u00f3 otthont hozhatunk l\u00e9tre m\u00e9g a legkisebb helyeken is.<\/p>\n\n\n\n<h1 class=\"wp-block-heading\">Kis lak\u00e1sokban haszn\u00e1lhat\u00f3 helytakar\u00e9kos b\u00fatorok \u00e9s berendez\u00e9si t\u00e1rgyak<\/h1>\n\n\n\n<p>A kis lak\u00e1sokban val\u00f3 lakberendez\u00e9s mindig kih\u00edv\u00e1st jelenthet. Azonban a helytakar\u00e9kos b\u00fatorok \u00e9s berendez\u00e9si t\u00e1rgyak seg\u00edts\u00e9g\u00e9vel k\u00f6nnyed\u00e9n \u00e1talak\u00edthatjuk a kis tereket funkcion\u00e1lis \u00e9s st\u00edlusos otthonn\u00e1.<\/p>\n\n\n\n<p>Kezdj\u00fck azzal, hogy a kanap\u00e9val kezd\u00fcnk. A hagyom\u00e1nyos kanap\u00e9k helyett v\u00e1lasszunk ink\u00e1bb egy kih\u00fazhat\u00f3 kanap\u00e9t vagy egy kanap\u00e9\u00e1gyat. Ezek a b\u00fatorok nem csak \u00fcl\u0151helyet biztos\u00edtanak, hanem alv\u00e1si lehet\u0151s\u00e9get is, \u00edgy ide\u00e1lisak vend\u00e9gek fogad\u00e1s\u00e1ra vagy ak\u00e1r saj\u00e1t k\u00e9nyelmes alv\u00f3helyk\u00e9nt is szolg\u00e1lhatnak.<\/p>\n\n\n\n<p>A kanap\u00e9 mellett a kis lak\u00e1sokban hasznos lehet egy \u00f6sszecsukhat\u00f3 \u00e9tkez\u0151asztal. Ez a b\u00fator k\u00f6nnyed\u00e9n \u00f6sszecsukhat\u00f3 \u00e9s elrejthet\u0151, amikor \u00e9ppen nem haszn\u00e1ljuk. \u00cdgy t\u00f6bb helyet nyerhet\u00fcnk a nappaliban vagy a konyh\u00e1ban, amikor \u00e9ppen nem \u00e9tkez\u00fcnk.<\/p>\n\n\n\n<p>Ha a t\u00e1rol\u00e1s a f\u0151 probl\u00e9ma a kis lak\u00e1sban, akkor \u00e9rdemes olyan b\u00fatorokat v\u00e1lasztani, amelyekben rejtett t\u00e1rol\u00f3helyek vannak. P\u00e9ld\u00e1ul egy \u00e1gy alatti t\u00e1rol\u00f3 vagy egy kanap\u00e9ban elrejthet\u0151 fi\u00f3kok nagyszer\u0171 megold\u00e1st jelenthetnek a felesleges dolgok elrejt\u00e9s\u00e9re. Emellett a falra szerelhet\u0151 polcok \u00e9s a fali szekr\u00e9nyek is kiv\u00e1l\u00f3 lehet\u0151s\u00e9get ny\u00fajtanak a t\u00e1rol\u00e1sra, an\u00e9lk\u00fcl, hogy sok helyet foglaln\u00e1nak el a lak\u00e1sban.<\/p>\n\n\n\n<p>A kis lak\u00e1sokban a t\u00fckr\u00f6k haszn\u00e1lata is seg\u00edthet a t\u00e9r\u00e9rzet n\u00f6vel\u00e9s\u00e9ben. Egy nagy t\u00fck\u00f6r a falon vagy ak\u00e1r egy t\u00fckr\u00f6s gardr\u00f3bajt\u00f3 optikailag nagyobb\u00e1 teszi a teret, \u00e9s t\u00f6bb f\u00e9nyt enged be a lak\u00e1sba. Emellett a t\u00fckr\u00f6k eleg\u00e1ns \u00e9s st\u00edlusos kieg\u00e9sz\u00edt\u0151k is lehetnek a lak\u00e1sban.<\/p>\n\n\n\n<p>Ha a kis lak\u00e1sban nincs el\u00e9g hely a ruh\u00e1k t\u00e1rol\u00e1s\u00e1ra, akkor \u00e9rdemes egy \u00e1ll\u00edthat\u00f3 ruh\u00e1sszekr\u00e9nyt vagy egy ruhafogast v\u00e1lasztani. Ezek a b\u00fatorok k\u00f6nnyed\u00e9n \u00e1talak\u00edthat\u00f3k \u00e9s igaz\u00edthat\u00f3k a rendelkez\u00e9sre \u00e1ll\u00f3 helyhez, \u00edgy maxim\u00e1lisan kihaszn\u00e1lhatjuk a rendelkez\u00e9sre \u00e1ll\u00f3 teret.<\/p>\n\n\n\n<p>V\u00e9g\u00fcl, de nem utols\u00f3sorban, ne feledkezz\u00fcnk meg a megfelel\u0151 vil\u00e1g\u00edt\u00e1sr\u00f3l. A kis lak\u00e1sokban fontos, hogy elegend\u0151 f\u00e9ny legyen a helyis\u00e9gekben. Haszn\u00e1ljunk t\u00f6bbf\u00e9le vil\u00e1g\u00edt\u00e1si forr\u00e1st, p\u00e9ld\u00e1ul \u00e1ll\u00f3l\u00e1mp\u00e1t, asztali l\u00e1mp\u00e1t \u00e9s fali l\u00e1mp\u00e1t, hogy a lak\u00e1s minden r\u00e9sze j\u00f3l megvil\u00e1g\u00edtott legyen. Ez nem csak praktikus, hanem hangulatos atmoszf\u00e9r\u00e1t is teremt a lak\u00e1sban.<\/p>\n\n\n\n<p>\u00d6sszess\u00e9g\u00e9ben teh\u00e1t a kis lak\u00e1sokban haszn\u00e1lhat\u00f3 helytakar\u00e9kos b\u00fatorok \u00e9s berendez\u00e9si t\u00e1rgyak seg\u00edts\u00e9g\u00e9vel k\u00f6nnyed\u00e9n \u00e1talak\u00edthatjuk a kis tereket funkcion\u00e1lis \u00e9s st\u00edlusos otthonn\u00e1. V\u00e1lasszunk kih\u00fazhat\u00f3 kanap\u00e9t, \u00f6sszecsukhat\u00f3 \u00e9tkez\u0151asztalt \u00e9s rejtett t\u00e1rol\u00f3helyeket, hogy t\u00f6bb helyet nyerj\u00fcnk a lak\u00e1sban. Ne feledkezz\u00fcnk meg a t\u00fckr\u00f6kr\u0151l \u00e9s a megfelel\u0151 vil\u00e1g\u00edt\u00e1sr\u00f3l sem, hogy a lak\u00e1s t\u00e1gasabb \u00e9s vil\u00e1gosabb legyen.<\/p>","protected":false},"excerpt":{"rendered":"<p>Bevezet\u00e9s A kis lak\u00e1sok lakberendez\u00e9se kih\u00edv\u00e1st jelenthet, hiszen a hely korl\u00e1tozott, \u00e9s fontos, hogy minden funkci\u00f3 \u00e9s t\u00e1rgy harmonikusan illeszkedjen egym\u00e1shoz. Az al\u00e1bbiakban n\u00e9h\u00e1ny tipp tal\u00e1lhat\u00f3, amelyek seg\u00edthetnek a kis lak\u00e1sok praktikus \u00e9s st\u00edlusos berendez\u00e9s\u00e9ben. Ezek a tippek seg\u00edthetnek a kis lak\u00e1sok praktikus \u00e9s st\u00edlusos berendez\u00e9s\u00e9ben. Fontos, hogy a saj\u00e1t \u00edzl\u00e9s\u00e9nek \u00e9s ig\u00e9nyeinek megfelel\u0151en alak\u00edtsa [&hellip;]<\/p>","protected":false},"author":1,"featured_media":0,"comment_status":"open","ping_status":"open","sticky":false,"template":"","format":"standard","meta":{"om_disable_all_campaigns":false,"_monsterinsights_skip_tracking":false,"_monsterinsights_sitenote_active":false,"_monsterinsights_sitenote_note":"","_monsterinsights_sitenote_category":0,"ngg_post_thumbnail":0,"footnotes":""},"categories":[1],"tags":[],"class_list":["post-2068","post","type-post","status-publish","format-standard","hentry","category-egyeb"],"aioseo_notices":[],"_links":{"self":[{"href":"https:\/\/linaristudio.hu\/en\/wp-json\/wp\/v2\/posts\/2068","targetHints":{"allow":["GET"]}}],"collection":[{"href":"https:\/\/linaristudio.hu\/en\/wp-json\/wp\/v2\/posts"}],"about":[{"href":"https:\/\/linaristudio.hu\/en\/wp-json\/wp\/v2\/types\/post"}],"author":[{"embeddable":true,"href":"https:\/\/linaristudio.hu\/en\/wp-json\/wp\/v2\/users\/1"}],"replies":[{"embeddable":true,"href":"https:\/\/linaristudio.hu\/en\/wp-json\/wp\/v2\/comments?post=2068"}],"version-history":[{"count":2,"href":"https:\/\/linaristudio.hu\/en\/wp-json\/wp\/v2\/posts\/2068\/revisions"}],"predecessor-version":[{"id":2071,"href":"https:\/\/linaristudio.hu\/en\/wp-json\/wp\/v2\/posts\/2068\/revisions\/2071"}],"wp:attachment":[{"href":"https:\/\/linaristudio.hu\/en\/wp-json\/wp\/v2\/media?parent=2068"}],"wp:term":[{"taxonomy":"category","embeddable":true,"href":"https:\/\/linaristudio.hu\/en\/wp-json\/wp\/v2\/categories?post=2068"},{"taxonomy":"post_tag","embeddable":true,"href":"https:\/\/linaristudio.hu\/en\/wp-json\/wp\/v2\/tags?post=2068"}],"curies":[{"name":"wp","href":"https:\/\/api.w.org\/{rel}","templated":true}]}}