{"id":2102,"date":"2024-11-21T09:48:48","date_gmt":"2024-11-21T08:48:48","guid":{"rendered":"https:\/\/linaristudio.hu\/?p=2102"},"modified":"2024-12-03T10:27:23","modified_gmt":"2024-12-03T09:27:23","slug":"belsoepitesz-arak","status":"publish","type":"post","link":"https:\/\/linaristudio.hu\/en\/belsoepitesz-arak\/","title":{"rendered":"Lakberendez\u0151 vagy bels\u0151\u00e9p\u00edt\u00e9sz?"},"content":{"rendered":"<p><\/p>\n\n\n\n<p>Felmer\u00fclhet a k\u00e9rd\u00e9s, hogy vajon a te otthonod megtervez\u00e9s\u00e9hez lakberendez\u0151re vagy<br>bels\u0151\u00e9p\u00edt\u00e9szre van-e sz\u00fcks\u00e9ged, \u00e9s mi a k\u00fcl\u00f6nbs\u00e9g a lakberendez\u0151 \u00e9s bels\u0151\u00e9p\u00edt\u00e9sz \u00e1rak k\u00f6z\u00f6tt.<br>Manaps\u00e1g nemigen lehet elv\u00e1lasztani egym\u00e1st\u00f3l a k\u00e9t szakm\u00e1t, mivel a feladatk\u00f6r\u00f6k \u00f3ri\u00e1si<br>\u00e1tfed\u00e9sben vannak.<br>Gyakori t\u00e9vhit, hogy a lakberendez\u00e9s csak a b\u00fatorok \u00e9s kieg\u00e9sz\u00edt\u0151k kiv\u00e1laszt\u00e1s\u00e1b\u00f3l \u00e1ll. A<br>val\u00f3s\u00e1gban egy lakberendez\u0151 alapos bels\u0151\u00e9p\u00edt\u00e9szeti ismeretekkel rendelkezik, v\u00e1laszfalakra<br>vonatkoz\u00f3 \u00e9p\u00edt\u00e9si-bont\u00e1si tervet \u00e9s egy\u00e9b tervdokumentumokat k\u00e9sz\u00edt, emellett ak\u00e1r k\u00f6z\u00fcleti<br>helyis\u00e9geket, p\u00e9ld\u00e1ul k\u00e1v\u00e9z\u00f3kat \u00e9s \u00e9ttermeket is jogosult tervezni. A bels\u0151\u00e9p\u00edt\u00e9sz nagyon hasonl\u00f3<br>feladatokat l\u00e1t el, de \u00e1ltal\u00e1ban egyetemi v\u00e9gzetts\u00e9ggel rendelkez\u0151 \u00e9p\u00edt\u00e9sz, aki bels\u0151\u00e9p\u00edt\u00e9szeti<br>ter\u00fcleten tev\u00e9kenykedik, m\u00edg a lakberendez\u0151 rendszerint feln\u0151ttk\u00e9pz\u00e9sben szerzi meg a<br>v\u00e9gzetts\u00e9get. Szigor\u00faan v\u00e9ve teh\u00e1t a k\u00e9t szakma k\u00f6zti k\u00fcl\u00f6nbs\u00e9g nem m\u00e1s, mint a diploma vagy az<br>oklev\u00e9l, a t\u00e9nyleges tud\u00e1st azonban a gyakorlati tapasztalat adja.<br>A Linari Interior Studio egyar\u00e1nt v\u00e1llal lakberendez\u00e9si \u00e9s bels\u0151\u00e9p\u00edt\u00e9szeti felk\u00e9r\u00e9seket is.<br>Amennyiben a megl\u00e9v\u0151 tereket szeretn\u00e9d \u00fajragondolni a saj\u00e1t \u00edzl\u00e9svil\u00e1godnak megfelel\u0151en, az<br>\u00e9p\u00edt\u00e9szeti, g\u00e9p\u00e9szeti \u00e9s elektromos adotts\u00e1gok megv\u00e1ltoztat\u00e1sa n\u00e9lk\u00fcl, akkor a Mood \u00e9s a Visual<br>csomagot aj\u00e1nlom figyelmedbe. Ha teljes bels\u0151\u00e9p\u00edt\u00e9szeti \u00e1talak\u00edt\u00e1st ig\u00e9nyl\u0151 munk\u00e1r\u00f3l, fel\u00faj\u00edt\u00e1sr\u00f3l<br>vagy \u00e9p\u00edtkez\u00e9sr\u0151l van sz\u00f3, akkor a kiviteli terveket is tartalmaz\u00f3 Prime vagy Grand csomag lesz a<br>megfelel\u0151 v\u00e1laszt\u00e1s. A lakberendez\u0151 \u00e9s bels\u0151\u00e9p\u00edt\u00e9sz \u00e1rak a projekt \u00f6sszetetts\u00e9ge szerint alakulnak.<\/p>\n\n\n\n<p>A <a href=\"https:\/\/linaristudio.hu\/en\/lakberendezo-arak\/\" target=\"_blank\" rel=\"noopener\" title=\"\">bels\u0151\u00e9p\u00edt\u00e9szek \u00e1rai<\/a> 2025-ben t\u00f6bb t\u00e9nyez\u0151t\u0151l f\u00fcggnek, amelyek befoly\u00e1solj\u00e1k a k\u00f6lts\u00e9geket. Az \u00e1rak alakul\u00e1sa orsz\u00e1gspecifikus lehet, \u00e9s a k\u00f6vetkez\u0151k j\u00e1tszanak benne szerepet:<\/p>\n\n\n\n<h3 class=\"wp-block-heading\">1. <strong>Piaci trendek \u00e9s gazdas\u00e1gi helyzet<\/strong><\/h3>\n\n\n\n<ul class=\"wp-block-list\">\n<li>Az infl\u00e1ci\u00f3 m\u00e9rt\u00e9ke \u00e9s az \u00e9p\u00edt\u0151iparban tapasztalhat\u00f3 \u00e1ltal\u00e1nos \u00e1remelked\u00e9s.<\/li>\n\n\n\n<li>Az anyagk\u00f6lts\u00e9gek n\u00f6veked\u00e9se, k\u00fcl\u00f6n\u00f6sen, ha import\u00e1lt term\u00e9kekkel dolgoznak.<\/li>\n<\/ul>\n\n\n\n<h3 class=\"wp-block-heading\">2. <strong>Szolg\u00e1ltat\u00e1s t\u00edpusa \u00e9s komplexit\u00e1sa<\/strong><\/h3>\n\n\n\n<ul class=\"wp-block-list\">\n<li>Egy egyszer\u0171 tan\u00e1csad\u00e1s \u00e1ra elt\u00e9r egy teljes k\u00f6r\u0171 tervez\u00e9si vagy kivitelez\u00e9si projekt d\u00edj\u00e1t\u00f3l.<\/li>\n\n\n\n<li>A projekt m\u00e9rete \u00e9s bonyolults\u00e1ga: kisebb lak\u00e1sok tervez\u00e9se olcs\u00f3bb, mint egy nagyobb, k\u00fcl\u00f6nleges megold\u00e1sokat ig\u00e9nyl\u0151 iroda vagy \u00fczlethelyis\u00e9g kialak\u00edt\u00e1sa.<\/li>\n<\/ul>\n\n\n\n<h3 class=\"wp-block-heading\">3. <strong>Tapasztalat \u00e9s h\u00edrn\u00e9v<\/strong><\/h3>\n\n\n\n<ul class=\"wp-block-list\">\n<li>Egy ismert, tapasztalt bels\u0151\u00e9p\u00edt\u00e9sz magasabb \u00e1rat k\u00e9rhet, mint egy kezd\u0151 szakember.<\/li>\n<\/ul>\n\n\n\n<h3 class=\"wp-block-heading\">4. <strong>F\u00f6ldrajzi elhelyezked\u00e9s<\/strong><\/h3>\n\n\n\n<ul class=\"wp-block-list\">\n<li>A f\u0151v\u00e1rosi \u00e9s nagyv\u00e1rosi ter\u00fcleteken magasabb \u00e1rak v\u00e1rhat\u00f3ak, mint vid\u00e9ken.<\/li>\n<\/ul>\n\n\n\n<h3 class=\"wp-block-heading\"><strong>\u00c1rak becsl\u00e9se Magyarorsz\u00e1gon (2023 alapj\u00e1n)<\/strong><\/h3>\n\n\n\n<p>Az al\u00e1bbi adatok alapj\u00e1n lehet k\u00f6vetkeztetni a 2025-\u00f6s \u00e1rszintekre is, b\u00e1r az infl\u00e1ci\u00f3 \u00e9s az anyagk\u00f6lts\u00e9gek v\u00e1ltozhatnak:<\/p>\n\n\n\n<ul class=\"wp-block-list\">\n<li><strong>Tan\u00e1csad\u00e1s:<\/strong> 20.000\u201350.000 Ft\/\u00f3ra.<\/li>\n\n\n\n<li><strong>Tervez\u00e9s:<\/strong> 5.000\u201315.000 Ft\/m\u00b2 (a tervez\u00e9s komplexit\u00e1s\u00e1t\u00f3l f\u00fcgg\u0151en).<\/li>\n\n\n\n<li><strong>Teljes projektmenedzsment:<\/strong> a teljes projekt k\u00f6lts\u00e9g\u00e9nek 10-20%-a.<\/li>\n<\/ul>\n\n\n\n<h3 class=\"wp-block-heading\"><strong>Mit v\u00e1rhatunk 2025-re?<\/strong><\/h3>\n\n\n\n<ul class=\"wp-block-list\">\n<li><strong>\u00c1remelked\u00e9s:<\/strong> Az infl\u00e1ci\u00f3val \u00e9s az anyagk\u00f6lts\u00e9gek n\u00f6veked\u00e9s\u00e9vel az \u00f3rad\u00edjak \u00e9s n\u00e9gyzetm\u00e9ter alap\u00fa tervez\u00e9si d\u00edjak is n\u0151hetnek.<\/li>\n\n\n\n<li><strong>Technol\u00f3giai \u00faj\u00edt\u00e1sok:<\/strong> Az intelligens otthonok \u00e9s fenntarthat\u00f3 megold\u00e1sok ir\u00e1nti kereslet n\u00f6veked\u00e9se szint\u00e9n befoly\u00e1solhatja a k\u00f6lts\u00e9geket.<\/li>\n\n\n\n<li><strong>Verseny:<\/strong> A digit\u00e1lis tervez\u00e9si platformok \u00e9s az online bels\u0151\u00e9p\u00edt\u00e9szeti tan\u00e1csad\u00e1sok terjed\u00e9se cs\u00f6kkentheti a kisebb projektek k\u00f6lts\u00e9geit.<\/li>\n<\/ul>\n\n\n\n<p>Ha konkr\u00e9t \u00e1rakat szeretn\u00e9l megtudni 2025-ben, akkor a pontos aj\u00e1nlatk\u00e9r\u00e9s egy adott bels\u0151\u00e9p\u00edt\u00e9szt\u0151l, vagy online \u00e1rkalkul\u00e1torok haszn\u00e1lata lehet a legjobb megold\u00e1s.<\/p>\n\n\n\n<p>A v\u00e1laszt\u00e1s a <strong>lakberendez\u0151<\/strong> \u00e9s a <strong>bels\u0151\u00e9p\u00edt\u00e9sz<\/strong> k\u00f6z\u00f6tt att\u00f3l f\u00fcgg, hogy milyen jelleg\u0171 seg\u00edts\u00e9gre van sz\u00fcks\u00e9ged a t\u00e9r kialak\u00edt\u00e1s\u00e1ban. Mindk\u00e9t szakember a bels\u0151 terek tervez\u00e9s\u00e9re \u00e9s megjelen\u00edt\u00e9s\u00e9re szakosodott, de k\u00fcl\u00f6nb\u00f6z\u0151 m\u00e9lys\u00e9gben \u00e9s ter\u00fcleteken dolgoznak:<\/p>\n\n\n\n<h3 class=\"wp-block-heading\"><strong>Lakberendez\u0151<\/strong><\/h3>\n\n\n\n<ul class=\"wp-block-list\">\n<li><strong>F\u00f3kusz:<\/strong> A t\u00e9r eszt\u00e9tikai \u00e9s funkcion\u00e1lis kialak\u00edt\u00e1sa.<\/li>\n\n\n\n<li><strong>Feladatok:<\/strong> B\u00fatorok, sz\u00ednek, text\u00edli\u00e1k, dekor\u00e1ci\u00f3k, vil\u00e1g\u00edt\u00e1si megold\u00e1sok kiv\u00e1laszt\u00e1sa.<\/li>\n\n\n\n<li><strong>K\u00e9pzetts\u00e9g:<\/strong> \u00c1ltal\u00e1ban nem sz\u00fcks\u00e9ges \u00e9p\u00edt\u00e9szeti vagy m\u0171szaki v\u00e9gzetts\u00e9g, de rendelkeznek a lakberendez\u00e9shez kapcsol\u00f3d\u00f3 speci\u00e1lis tud\u00e1ssal.<\/li>\n\n\n\n<li><strong>Alkalmaz\u00e1si ter\u00fclet:<\/strong> Ha a t\u00e9r alapvet\u0151 strukt\u00far\u00e1ja k\u00e9sz, \u00e9s csak a st\u00edlus, hangulat \u00e9s berendez\u00e9s \u00f6ssze\u00e1ll\u00edt\u00e1s\u00e1ra van sz\u00fcks\u00e9ged.<\/li>\n<\/ul>\n\n\n\n<h3 class=\"wp-block-heading\"><strong>Bels\u0151\u00e9p\u00edt\u00e9sz<\/strong><\/h3>\n\n\n\n<ul class=\"wp-block-list\">\n<li><strong>F\u00f3kusz:<\/strong> T\u00e9r \u00e1talak\u00edt\u00e1sa, funkcion\u00e1lis \u00e9s m\u0171szaki megold\u00e1sok tervez\u00e9se.<\/li>\n\n\n\n<li><strong>Feladatok:<\/strong> Falak \u00e1thelyez\u00e9se, burkolatok tervez\u00e9se, g\u00e9p\u00e9szeti rendszerek kialak\u00edt\u00e1sa, alaprajzok k\u00e9sz\u00edt\u00e9se.<\/li>\n\n\n\n<li><strong>K\u00e9pzetts\u00e9g:<\/strong> Magas szint\u0171 \u00e9p\u00edt\u00e9szeti vagy m\u0171szaki v\u00e9gzetts\u00e9g, gyakran m\u00e9rn\u00f6ki tud\u00e1s.<\/li>\n\n\n\n<li><strong>Alkalmaz\u00e1si ter\u00fclet:<\/strong> Ha jelent\u0151s \u00e1talak\u00edt\u00e1sra, \u00e1t\u00e9p\u00edt\u00e9sre vagy \u00e9p\u00edt\u00e9szeti tervez\u00e9sre van sz\u00fcks\u00e9ged.<\/li>\n<\/ul>\n\n\n\n<h3 class=\"wp-block-heading\">Mikor kit v\u00e1lassz?<\/h3>\n\n\n\n<ul class=\"wp-block-list\">\n<li><strong>Lakberendez\u0151t v\u00e1lassz<\/strong>, ha a t\u00e9r m\u00e1r k\u00e9sz, \u00e9s a hangulatot, megjelen\u00e9st szeretn\u00e9d kialak\u00edtani.<\/li>\n\n\n\n<li><strong>Bels\u0151\u00e9p\u00edt\u00e9szt v\u00e1lassz<\/strong>, ha a helyis\u00e9get \u00e9p\u00edt\u00e9szetileg is \u00e1t kell alak\u00edtani, p\u00e9ld\u00e1ul falakat kell bontani, \u00fajakat emelni, vagy technikai megold\u00e1sokat be\u00e9p\u00edteni.<\/li>\n<\/ul>\n\n\n\n<p>Ha konkr\u00e9t projekted van, sz\u00edvesen seg\u00edtek kital\u00e1lni, melyik szakember lenne ide\u00e1lis a sz\u00e1modra! <\/p>","protected":false},"excerpt":{"rendered":"<p>Felmer\u00fclhet a k\u00e9rd\u00e9s, hogy vajon a te otthonod megtervez\u00e9s\u00e9hez lakberendez\u0151re vagybels\u0151\u00e9p\u00edt\u00e9szre van-e sz\u00fcks\u00e9ged, \u00e9s mi a k\u00fcl\u00f6nbs\u00e9g a lakberendez\u0151 \u00e9s bels\u0151\u00e9p\u00edt\u00e9sz \u00e1rak k\u00f6z\u00f6tt.Manaps\u00e1g nemigen lehet elv\u00e1lasztani egym\u00e1st\u00f3l a k\u00e9t szakm\u00e1t, mivel a feladatk\u00f6r\u00f6k \u00f3ri\u00e1si\u00e1tfed\u00e9sben vannak.Gyakori t\u00e9vhit, hogy a lakberendez\u00e9s csak a b\u00fatorok \u00e9s kieg\u00e9sz\u00edt\u0151k kiv\u00e1laszt\u00e1s\u00e1b\u00f3l \u00e1ll. Aval\u00f3s\u00e1gban egy lakberendez\u0151 alapos bels\u0151\u00e9p\u00edt\u00e9szeti ismeretekkel rendelkezik, v\u00e1laszfalakravonatkoz\u00f3 \u00e9p\u00edt\u00e9si-bont\u00e1si [&hellip;]<\/p>","protected":false},"author":1,"featured_media":1948,"comment_status":"closed","ping_status":"closed","sticky":false,"template":"","format":"standard","meta":{"om_disable_all_campaigns":false,"_monsterinsights_skip_tracking":false,"_monsterinsights_sitenote_active":false,"_monsterinsights_sitenote_note":"","_monsterinsights_sitenote_category":0,"ngg_post_thumbnail":0,"footnotes":""},"categories":[1],"tags":[],"class_list":["post-2102","post","type-post","status-publish","format-standard","has-post-thumbnail","hentry","category-egyeb"],"aioseo_notices":[],"_links":{"self":[{"href":"https:\/\/linaristudio.hu\/en\/wp-json\/wp\/v2\/posts\/2102","targetHints":{"allow":["GET"]}}],"collection":[{"href":"https:\/\/linaristudio.hu\/en\/wp-json\/wp\/v2\/posts"}],"about":[{"href":"https:\/\/linaristudio.hu\/en\/wp-json\/wp\/v2\/types\/post"}],"author":[{"embeddable":true,"href":"https:\/\/linaristudio.hu\/en\/wp-json\/wp\/v2\/users\/1"}],"replies":[{"embeddable":true,"href":"https:\/\/linaristudio.hu\/en\/wp-json\/wp\/v2\/comments?post=2102"}],"version-history":[{"count":4,"href":"https:\/\/linaristudio.hu\/en\/wp-json\/wp\/v2\/posts\/2102\/revisions"}],"predecessor-version":[{"id":2111,"href":"https:\/\/linaristudio.hu\/en\/wp-json\/wp\/v2\/posts\/2102\/revisions\/2111"}],"wp:featuredmedia":[{"embeddable":true,"href":"https:\/\/linaristudio.hu\/en\/wp-json\/wp\/v2\/media\/1948"}],"wp:attachment":[{"href":"https:\/\/linaristudio.hu\/en\/wp-json\/wp\/v2\/media?parent=2102"}],"wp:term":[{"taxonomy":"category","embeddable":true,"href":"https:\/\/linaristudio.hu\/en\/wp-json\/wp\/v2\/categories?post=2102"},{"taxonomy":"post_tag","embeddable":true,"href":"https:\/\/linaristudio.hu\/en\/wp-json\/wp\/v2\/tags?post=2102"}],"curies":[{"name":"wp","href":"https:\/\/api.w.org\/{rel}","templated":true}]}}