{"id":2112,"date":"2024-12-03T10:30:09","date_gmt":"2024-12-03T09:30:09","guid":{"rendered":"https:\/\/linaristudio.hu\/?p=2112"},"modified":"2024-12-03T10:30:11","modified_gmt":"2024-12-03T09:30:11","slug":"lakberendezes-arak-2025-ben-hogy-fognak-alakulni","status":"publish","type":"post","link":"https:\/\/linaristudio.hu\/en\/lakberendezes-arak-2025-ben-hogy-fognak-alakulni\/","title":{"rendered":"Lakberendez\u00e9s \u00e1rak 2025-ben hogy fognak alakulni?"},"content":{"rendered":"<p>A 2025-re vonatkoz\u00f3 lakberendez\u0151i \u00e1rak v\u00e1rhat\u00f3an hasonl\u00f3 trendeket k\u00f6vetnek majd, mint 2024-ben, kisebb n\u00f6veked\u00e9ssel, figyelembe v\u00e9ve az infl\u00e1ci\u00f3t \u00e9s az anyagk\u00f6lts\u00e9gek v\u00e1ltoz\u00e1s\u00e1t. Az \u00e1rak Magyarorsz\u00e1gon alapvet\u0151en az al\u00e1bbi kateg\u00f3ri\u00e1kban mozognak:<\/p>\n\n\n\n<ol class=\"wp-block-list\">\n<li><strong>N\u00e9gyzetm\u00e9ter-alap\u00fa \u00e1rak<\/strong>: Ezek 5.000\u201315.000 Ft\/m\u00b2 k\u00f6z\u00f6tt alakulnak, a projekt \u00f6sszetetts\u00e9g\u00e9t\u0151l \u00e9s az adott lakberendez\u0151 tapasztalat\u00e1t\u00f3l f\u00fcgg\u0151en. Nagyobb projektek eset\u00e9ben kedvezm\u00e9ny is elk\u00e9pzelhet\u0151.<\/li>\n\n\n\n<li><strong>\u00d3rad\u00edjak \u00e9s konzult\u00e1ci\u00f3k<\/strong>: Az \u00f3rad\u00edj \u00e1ltal\u00e1ban 7.000\u201316.000 Ft k\u00f6z\u00f6tt mozog, m\u00edg egy egyszeri konzult\u00e1ci\u00f3\u00e9rt 9.000\u201325.000 Ft k\u00f6z\u00f6tti \u00f6sszeget k\u00e9rhetnek el.<\/li>\n\n\n\n<li><strong>Teljes projektek k\u00f6lts\u00e9ge<\/strong>: Egy 120 m\u00b2-es lak\u00e1s komplett tervez\u00e9se \u00e9s kivitelez\u00e9se ak\u00e1r 800.000\u20131.500.000 Ft k\u00f6z\u00f6tt lehet, att\u00f3l f\u00fcgg\u0151en, hogy milyen szolg\u00e1ltat\u00e1sokat tartalmaz (pl. 3D l\u00e1tv\u00e1nyterv, m\u0171szaki tervek, kivitelez\u00e9si fel\u00fcgyelet).<\/li>\n\n\n\n<li><strong>Speci\u00e1lis tervez\u00e9si ig\u00e9nyek<\/strong>: P\u00e9ld\u00e1ul irod\u00e1k, vend\u00e9gl\u00e1t\u00f3helyek vagy akad\u00e1lymentes terek tervez\u00e9se magasabb k\u00f6lts\u00e9gekkel j\u00e1rhat, ak\u00e1r 5\u201320 milli\u00f3 Ft is lehet, a projekt nagys\u00e1g\u00e1t\u00f3l \u00e9s komplexit\u00e1s\u00e1t\u00f3l f\u00fcgg\u0151en.<\/li>\n<\/ol>\n\n\n\n<p>A v\u00e9gs\u0151 \u00e1rakat befoly\u00e1solja a f\u00f6ldrajzi helyzet (pl. Budapesten jellemz\u0151en magasabbak az \u00e1rak), az anyagok min\u0151s\u00e9ge, valamint az adott szakember h\u00edrneve \u00e9s portf\u00f3li\u00f3ja. Egyre n\u00e9pszer\u0171bb, hogy az \u00fcgyfelek a kivitelez\u00e9si munk\u00e1k ellen\u0151rz\u00e9s\u00e9t is k\u00e9rik, ami tov\u00e1bbi k\u00f6lts\u00e9get jelenthet.<\/p>\n\n\n\n<p><\/p>","protected":false},"excerpt":{"rendered":"<p>A 2025-re vonatkoz\u00f3 lakberendez\u0151i \u00e1rak v\u00e1rhat\u00f3an hasonl\u00f3 trendeket k\u00f6vetnek majd, mint 2024-ben, kisebb n\u00f6veked\u00e9ssel, figyelembe v\u00e9ve az infl\u00e1ci\u00f3t \u00e9s az anyagk\u00f6lts\u00e9gek v\u00e1ltoz\u00e1s\u00e1t. Az \u00e1rak Magyarorsz\u00e1gon alapvet\u0151en az al\u00e1bbi kateg\u00f3ri\u00e1kban mozognak: A v\u00e9gs\u0151 \u00e1rakat befoly\u00e1solja a f\u00f6ldrajzi helyzet (pl. Budapesten jellemz\u0151en magasabbak az \u00e1rak), az anyagok min\u0151s\u00e9ge, valamint az adott szakember h\u00edrneve \u00e9s portf\u00f3li\u00f3ja. Egyre n\u00e9pszer\u0171bb, [&hellip;]<\/p>","protected":false},"author":1,"featured_media":0,"comment_status":"closed","ping_status":"closed","sticky":false,"template":"","format":"standard","meta":{"om_disable_all_campaigns":false,"_monsterinsights_skip_tracking":false,"_monsterinsights_sitenote_active":false,"_monsterinsights_sitenote_note":"","_monsterinsights_sitenote_category":0,"ngg_post_thumbnail":0,"footnotes":""},"categories":[1],"tags":[],"class_list":["post-2112","post","type-post","status-publish","format-standard","hentry","category-egyeb"],"aioseo_notices":[],"_links":{"self":[{"href":"https:\/\/linaristudio.hu\/en\/wp-json\/wp\/v2\/posts\/2112","targetHints":{"allow":["GET"]}}],"collection":[{"href":"https:\/\/linaristudio.hu\/en\/wp-json\/wp\/v2\/posts"}],"about":[{"href":"https:\/\/linaristudio.hu\/en\/wp-json\/wp\/v2\/types\/post"}],"author":[{"embeddable":true,"href":"https:\/\/linaristudio.hu\/en\/wp-json\/wp\/v2\/users\/1"}],"replies":[{"embeddable":true,"href":"https:\/\/linaristudio.hu\/en\/wp-json\/wp\/v2\/comments?post=2112"}],"version-history":[{"count":1,"href":"https:\/\/linaristudio.hu\/en\/wp-json\/wp\/v2\/posts\/2112\/revisions"}],"predecessor-version":[{"id":2113,"href":"https:\/\/linaristudio.hu\/en\/wp-json\/wp\/v2\/posts\/2112\/revisions\/2113"}],"wp:attachment":[{"href":"https:\/\/linaristudio.hu\/en\/wp-json\/wp\/v2\/media?parent=2112"}],"wp:term":[{"taxonomy":"category","embeddable":true,"href":"https:\/\/linaristudio.hu\/en\/wp-json\/wp\/v2\/categories?post=2112"},{"taxonomy":"post_tag","embeddable":true,"href":"https:\/\/linaristudio.hu\/en\/wp-json\/wp\/v2\/tags?post=2112"}],"curies":[{"name":"wp","href":"https:\/\/api.w.org\/{rel}","templated":true}]}}